{"id":482,"date":"2018-10-07T21:53:38","date_gmt":"2018-10-07T19:53:38","guid":{"rendered":"http:\/\/hdm-fotos.de\/test-blog\/?p=482"},"modified":"2018-10-08T13:21:55","modified_gmt":"2018-10-08T11:21:55","slug":"panorama-vom-unteren-spiegeltaler-teich-vom-oberen-weg-in-wichtung-wildemann-aus-gesehen","status":"publish","type":"post","link":"http:\/\/hdm-fotos.de\/test-blog\/?p=482","title":{"rendered":"Panoramen vom unteren Spiegeltaler Teich"},"content":{"rendered":"<p>Der untere Spiegeltaler Teich liegt idyllisch\u00a0 im Spiegeltal wenige Kilometer \u00f6stlich von Wildemann und n\u00f6rdlich von Clausthal-Zellerfeld. Er wurde im Jahre 1672 in alter Teichbauweise angelegt. Seine Aufgabe war die Bereitstellung von Betriebswasser zum Antrieb der Wasserr\u00e4der in den Erzgruben des Spiegeltaler Zuges.<br \/>\nDer untere Spiegeltaler Teich ist etwa 350 Meter lang, bis zu 100 Meter breit und bedeckt eine Fl\u00e4che von ca. 3,5 Hektar. Sein Damm weist eine L\u00e4nge von ungef\u00e4hr 90 Meter und eine H\u00f6he von rund 10 Meter auf. Bei maximalem F\u00fcllstand kann der Untere Spiegeltaler Teich bis zu 156.000 m\u00b3 Wasser aufnehmen.<\/p>\n<p>Im Laufe der Zeit erfuhr der Teichdamm diverse Ver\u00e4nderungen. So ersetzte man z.B. das urspr\u00fcngliche Striegelhaus f\u00fcr den Grundabla\u00df durch eine weniger wartungsaufw\u00e4ndige Striegelanlage im Dammk\u00f6rper mit \u00f6lhydraulischem Antrieb.<\/p>\n<p>Diesen sch\u00f6nen alten Bergbauteich kann nur zu Fu\u00df erreichen. Sowohl von Wildemann als auch von Zellerfeld f\u00fchren mehrere Wanderwege dort hin. Baden im Teich ist m\u00f6glich, ebenso das Angeln bei Erf\u00fcllung der dazu notwendigen Voraussetzungen. Der untere Spiegelthaler Teich unter Denkmalschutz und ist Teil des Kulturdenkmals &#8222;Oberharzer Wasserregal.<\/p>\n","protected":false},"excerpt":{"rendered":"<p>Der untere Spiegeltaler Teich liegt idyllisch\u00a0 im Spiegeltal wenige Kilometer \u00f6stlich von Wildemann und n\u00f6rdlich von Clausthal-Zellerfeld. Er wurde im Jahre 1672 in alter Teichbauweise angelegt. Seine Aufgabe war die Bereitstellung von Betriebswasser zum Antrieb der Wasserr\u00e4der in den Erzgruben des Spiegeltaler Zuges. Der untere Spiegeltaler Teich ist etwa 350 Meter lang, bis zu 100 &hellip; <\/p>\n<p class=\"link-more\"><a href=\"http:\/\/hdm-fotos.de\/test-blog\/?p=482\" class=\"more-link\"><span class=\"screen-reader-text\">\u201ePanoramen vom unteren Spiegeltaler Teich\u201c<\/span> weiterlesen<\/a><\/p>\n","protected":false},"author":1,"featured_media":494,"comment_status":"open","ping_status":"closed","sticky":false,"template":"","format":"standard","meta":{"footnotes":""},"categories":[1],"tags":[],"class_list":["post-482","post","type-post","status-publish","format-standard","has-post-thumbnail","hentry","category-allgemein"],"_links":{"self":[{"href":"http:\/\/hdm-fotos.de\/test-blog\/index.php?rest_route=\/wp\/v2\/posts\/482"}],"collection":[{"href":"http:\/\/hdm-fotos.de\/test-blog\/index.php?rest_route=\/wp\/v2\/posts"}],"about":[{"href":"http:\/\/hdm-fotos.de\/test-blog\/index.php?rest_route=\/wp\/v2\/types\/post"}],"author":[{"embeddable":true,"href":"http:\/\/hdm-fotos.de\/test-blog\/index.php?rest_route=\/wp\/v2\/users\/1"}],"replies":[{"embeddable":true,"href":"http:\/\/hdm-fotos.de\/test-blog\/index.php?rest_route=%2Fwp%2Fv2%2Fcomments&post=482"}],"version-history":[{"count":6,"href":"http:\/\/hdm-fotos.de\/test-blog\/index.php?rest_route=\/wp\/v2\/posts\/482\/revisions"}],"predecessor-version":[{"id":487,"href":"http:\/\/hdm-fotos.de\/test-blog\/index.php?rest_route=\/wp\/v2\/posts\/482\/revisions\/487"}],"wp:featuredmedia":[{"embeddable":true,"href":"http:\/\/hdm-fotos.de\/test-blog\/index.php?rest_route=\/wp\/v2\/media\/494"}],"wp:attachment":[{"href":"http:\/\/hdm-fotos.de\/test-blog\/index.php?rest_route=%2Fwp%2Fv2%2Fmedia&parent=482"}],"wp:term":[{"taxonomy":"category","embeddable":true,"href":"http:\/\/hdm-fotos.de\/test-blog\/index.php?rest_route=%2Fwp%2Fv2%2Fcategories&post=482"},{"taxonomy":"post_tag","embeddable":true,"href":"http:\/\/hdm-fotos.de\/test-blog\/index.php?rest_route=%2Fwp%2Fv2%2Ftags&post=482"}],"curies":[{"name":"wp","href":"https:\/\/api.w.org\/{rel}","templated":true}]}}